{"id":572,"date":"2026-08-31T13:03:16","date_gmt":"2026-08-31T13:03:16","guid":{"rendered":"https:\/\/www.meditation-saint-etienne.fr\/?p=572"},"modified":"2026-08-31T13:03:16","modified_gmt":"2026-08-31T13:03:16","slug":"reprise-des-sessions-au-centre-social-de-beaulieu-le-jeudi-17-septembre-2026","status":"publish","type":"post","link":"https:\/\/www.meditation-saint-etienne.fr\/?p=572","title":{"rendered":"Reprise des sessions au Centre Social de Beaulieu le jeudi 17 septembre 2026"},"content":{"rendered":"\n<p class=\"wp-block-paragraph\"><strong>Bonjour et bonne rentr\u00e9e \u00e0 toutes et tous !<\/strong><\/p>\n\n\n\n<p class=\"wp-block-paragraph\">Le Loka de Saint-Etienne reprend ses activit\u00e9s le lundi 17 au CS de Beaulieu. Cette ann\u00e9e le tarif d&rsquo;adh\u00e9sion au Centre Social est de 17euros.<\/p>\n\n\n\n<p class=\"wp-block-paragraph\">Nous sommes heureux, Andr\u00e9 et moi (Jacques) de vous retrouver apr\u00e8s un \u00e9t\u00e9 vraiment tr\u00e8s particulier.<\/p>\n\n\n\n<p class=\"wp-block-paragraph\">De tout coeur, Jacques<\/p>\n\n\n\n<p class=\"wp-block-paragraph\"><\/p>\n\n\n","protected":false},"excerpt":{"rendered":"<p>Bonjour et bonne rentr\u00e9e \u00e0 toutes et tous ! Le Loka de Saint-Etienne reprend ses activit\u00e9s le lundi 17 au CS de Beaulieu. Cette ann\u00e9e le tarif d&rsquo;adh\u00e9sion au Centre Social est de 17euros. Nous sommes heureux, Andr\u00e9 et moi (Jacques) de vous retrouver apr\u00e8s un \u00e9t\u00e9 vraiment tr\u00e8s particulier. De tout coeur, Jacques<\/p>\n","protected":false},"author":4,"featured_media":0,"comment_status":"open","ping_status":"open","sticky":false,"template":"","format":"standard","meta":{"footnotes":""},"categories":[1],"tags":[],"class_list":["post-572","post","type-post","status-publish","format-standard","hentry","category-uncategorized"],"_links":{"self":[{"href":"https:\/\/www.meditation-saint-etienne.fr\/index.php?rest_route=\/wp\/v2\/posts\/572","targetHints":{"allow":["GET"]}}],"collection":[{"href":"https:\/\/www.meditation-saint-etienne.fr\/index.php?rest_route=\/wp\/v2\/posts"}],"about":[{"href":"https:\/\/www.meditation-saint-etienne.fr\/index.php?rest_route=\/wp\/v2\/types\/post"}],"author":[{"embeddable":true,"href":"https:\/\/www.meditation-saint-etienne.fr\/index.php?rest_route=\/wp\/v2\/users\/4"}],"replies":[{"embeddable":true,"href":"https:\/\/www.meditation-saint-etienne.fr\/index.php?rest_route=%2Fwp%2Fv2%2Fcomments&post=572"}],"version-history":[{"count":1,"href":"https:\/\/www.meditation-saint-etienne.fr\/index.php?rest_route=\/wp\/v2\/posts\/572\/revisions"}],"predecessor-version":[{"id":573,"href":"https:\/\/www.meditation-saint-etienne.fr\/index.php?rest_route=\/wp\/v2\/posts\/572\/revisions\/573"}],"wp:attachment":[{"href":"https:\/\/www.meditation-saint-etienne.fr\/index.php?rest_route=%2Fwp%2Fv2%2Fmedia&parent=572"}],"wp:term":[{"taxonomy":"category","embeddable":true,"href":"https:\/\/www.meditation-saint-etienne.fr\/index.php?rest_route=%2Fwp%2Fv2%2Fcategories&post=572"},{"taxonomy":"post_tag","embeddable":true,"href":"https:\/\/www.meditation-saint-etienne.fr\/index.php?rest_route=%2Fwp%2Fv2%2Ftags&post=572"}],"curies":[{"name":"wp","href":"https:\/\/api.w.org\/{rel}","templated":true}]}}